{"id":1388,"date":"2025-12-29T14:01:03","date_gmt":"2025-12-29T14:01:03","guid":{"rendered":"https:\/\/agustinacrespo.com\/esp\/?p=1388"},"modified":"2025-12-29T17:51:29","modified_gmt":"2025-12-29T17:51:29","slug":"canciones-mudas","status":"publish","type":"post","link":"http:\/\/agustinacrespo.com\/esp\/canciones-mudas\/","title":{"rendered":"Canciones Mudas"},"content":{"rendered":"<div style=\"width: 80%;\"><iframe loading=\"lazy\" width=\"560\" height=\"315\" src=\"https:\/\/www.youtube.com\/embed\/jnCZE9D8tUY?si=WQTKvVTtIfDmt9Di\" title=\"YouTube video player\" frameborder=\"0\" allow=\"accelerometer; autoplay; clipboard-write; encrypted-media; gyroscope; picture-in-picture; web-share\" referrerpolicy=\"strict-origin-when-cross-origin\" allowfullscreen=\"\"><\/iframe><\/p>\n<\/div>\n<p>Para mezzo-soprano y electr\u00f3nica.<br \/>\nMicro &#8211; Concierto<br \/>\nComposici\u00f3n y voz: Agustina Crespo<br \/>\nDesarrollo y operaci\u00f3n de la electr\u00f3nica: Renzo Leveroni<br \/>\n7 de octubre, 2025. Conservatorio Manuel de Falla (CABA)<\/p>\n<div style=\"width: 80%;\"><iframe loading=\"lazy\" width=\"560\" height=\"315\" src=\"https:\/\/www.youtube.com\/embed\/coujVmpfvFg?si=YFR0NrGzFqHSxUjs\" title=\"YouTube video player\" frameborder=\"0\" allow=\"accelerometer; autoplay; clipboard-write; encrypted-media; gyroscope; picture-in-picture; web-share\" referrerpolicy=\"strict-origin-when-cross-origin\" allowfullscreen=\"\"><\/iframe><\/p>\n<div style=\"width: 80%;\"><iframe loading=\"lazy\" width=\"560\" height=\"315\" src=\"https:\/\/www.youtube.com\/embed\/CCW1teuiBAw?si=x_YaIOtgkGmkfD-1\" title=\"YouTube video player\" frameborder=\"0\" allow=\"accelerometer; autoplay; clipboard-write; encrypted-media; gyroscope; picture-in-picture; web-share\" referrerpolicy=\"strict-origin-when-cross-origin\" allowfullscreen=\"\"><\/iframe><\/p>\n<div style=\"width: 80%;\"><iframe loading=\"lazy\" width=\"560\" height=\"315\" src=\"https:\/\/www.youtube.com\/embed\/mHgKPZVZ5Zk?si=yRkUKWMb5aerlUME\" title=\"YouTube video player\" frameborder=\"0\" allow=\"accelerometer; autoplay; clipboard-write; encrypted-media; gyroscope; picture-in-picture; web-share\" referrerpolicy=\"strict-origin-when-cross-origin\" allowfullscreen=\"\"><\/iframe><\/p>\n<div style=\"width: 80%;\"><iframe loading=\"lazy\" width=\"560\" height=\"315\" src=\"https:\/\/www.youtube.com\/embed\/aWSymZtyHsU?si=mLqOOA3VJMK5iGvL\" title=\"YouTube video player\" frameborder=\"0\" allow=\"accelerometer; autoplay; clipboard-write; encrypted-media; gyroscope; picture-in-picture; web-share\" referrerpolicy=\"strict-origin-when-cross-origin\" allowfullscreen=\"\"><\/iframe><\/p>\n<div style=\"width: 80%;\"><iframe loading=\"lazy\" width=\"560\" height=\"315\" src=\"https:\/\/www.youtube.com\/embed\/sD7Tml6wszI?si=ddpMAAWe0Q24-NmB\" title=\"YouTube video player\" frameborder=\"0\" allow=\"accelerometer; autoplay; clipboard-write; encrypted-media; gyroscope; picture-in-picture; web-share\" referrerpolicy=\"strict-origin-when-cross-origin\" allowfullscreen=\"\"><\/iframe><\/p>\n<div style=\"width: 80%;\"><iframe loading=\"lazy\" width=\"560\" height=\"315\" src=\"https:\/\/www.youtube.com\/embed\/OPYtf1bRzYQ?si=lLTHd19csRq19cco\" title=\"YouTube video player\" frameborder=\"0\" allow=\"accelerometer; autoplay; clipboard-write; encrypted-media; gyroscope; picture-in-picture; web-share\" referrerpolicy=\"strict-origin-when-cross-origin\" allowfullscreen=\"\"><\/iframe><\/p>\n<\/div>\n<\/div>\n<\/div>\n<\/div>\n<\/div>\n<\/div>\n","protected":false},"excerpt":{"rendered":"<p>Para mezzo-soprano y electr\u00f3nica. Micro &#8211; Concierto Composici\u00f3n y voz: Agustina Crespo Desarrollo y operaci\u00f3n de la electr\u00f3nica: Renzo Leveroni 7 de octubre, 2025. Conservatorio Manuel de Falla (CABA)<\/p>\n","protected":false},"author":1,"featured_media":1397,"comment_status":"open","ping_status":"open","sticky":false,"template":"","format":"standard","meta":[],"categories":[4],"tags":[],"fimg_url":"http:\/\/agustinacrespo.com\/esp\/wp-content\/uploads\/2025\/12\/Captura-de-Pantalla-2025-12-29-a-las-11.16.22.png","_links":{"self":[{"href":"http:\/\/agustinacrespo.com\/esp\/wp-json\/wp\/v2\/posts\/1388"}],"collection":[{"href":"http:\/\/agustinacrespo.com\/esp\/wp-json\/wp\/v2\/posts"}],"about":[{"href":"http:\/\/agustinacrespo.com\/esp\/wp-json\/wp\/v2\/types\/post"}],"author":[{"embeddable":true,"href":"http:\/\/agustinacrespo.com\/esp\/wp-json\/wp\/v2\/users\/1"}],"replies":[{"embeddable":true,"href":"http:\/\/agustinacrespo.com\/esp\/wp-json\/wp\/v2\/comments?post=1388"}],"version-history":[{"count":5,"href":"http:\/\/agustinacrespo.com\/esp\/wp-json\/wp\/v2\/posts\/1388\/revisions"}],"predecessor-version":[{"id":1402,"href":"http:\/\/agustinacrespo.com\/esp\/wp-json\/wp\/v2\/posts\/1388\/revisions\/1402"}],"wp:featuredmedia":[{"embeddable":true,"href":"http:\/\/agustinacrespo.com\/esp\/wp-json\/wp\/v2\/media\/1397"}],"wp:attachment":[{"href":"http:\/\/agustinacrespo.com\/esp\/wp-json\/wp\/v2\/media?parent=1388"}],"wp:term":[{"taxonomy":"category","embeddable":true,"href":"http:\/\/agustinacrespo.com\/esp\/wp-json\/wp\/v2\/categories?post=1388"},{"taxonomy":"post_tag","embeddable":true,"href":"http:\/\/agustinacrespo.com\/esp\/wp-json\/wp\/v2\/tags?post=1388"}],"curies":[{"name":"wp","href":"https:\/\/api.w.org\/{rel}","templated":true}]}}