{"id":1428,"date":"2025-12-29T09:54:00","date_gmt":"2025-12-29T09:54:00","guid":{"rendered":"https:\/\/agustinacrespo.com\/esp\/?p=1428"},"modified":"2025-12-29T21:57:43","modified_gmt":"2025-12-29T21:57:43","slug":"ensamble-vocal-contemporaneo-del-damus-una","status":"publish","type":"post","link":"http:\/\/agustinacrespo.com\/esp\/ensamble-vocal-contemporaneo-del-damus-una\/","title":{"rendered":"Ensamble Vocal Contempor\u00e1neo del DAMus-UNA"},"content":{"rendered":"<p>El Ensamble fue creado en 2011 por la Lic. Mariana Rosas con el prop\u00f3sito de generar un espacio de experimentaci\u00f3n y divulgaci\u00f3n de m\u00fasica vocal contempor\u00e1nea, especialmente argentina, trabajando como ensamble art\u00edstico y grupo residente de las c\u00e1tedras de composici\u00f3n del Departamento, planteando la posibilidad de un trabajo conjunto entre compositores e int\u00e9rpretes.<\/p>\n<p><img loading=\"lazy\" class=\"alignnone size-large wp-image-1429\" src=\"http:\/\/agustinacrespo.com\/esp\/wp-content\/uploads\/2025\/12\/PHOTO-2025-11-05-08-31-56-2-1024x666.jpg\" alt=\"\" width=\"900\" height=\"585\" srcset=\"http:\/\/agustinacrespo.com\/esp\/wp-content\/uploads\/2025\/12\/PHOTO-2025-11-05-08-31-56-2-1024x666.jpg 1024w, http:\/\/agustinacrespo.com\/esp\/wp-content\/uploads\/2025\/12\/PHOTO-2025-11-05-08-31-56-2-300x195.jpg 300w, http:\/\/agustinacrespo.com\/esp\/wp-content\/uploads\/2025\/12\/PHOTO-2025-11-05-08-31-56-2-768x500.jpg 768w, http:\/\/agustinacrespo.com\/esp\/wp-content\/uploads\/2025\/12\/PHOTO-2025-11-05-08-31-56-2-1536x1000.jpg 1536w, http:\/\/agustinacrespo.com\/esp\/wp-content\/uploads\/2025\/12\/PHOTO-2025-11-05-08-31-56-2-2048x1333.jpg 2048w\" sizes=\"(max-width: 900px) 100vw, 900px\" \/><br \/>\nEl Ensamble Vocal Contempor\u00e1neo del DAMus-UNA vuelve a la actividad con direcci\u00f3n conjunta por parte egresados de la carrera de Direcci\u00f3n coral del DAMus que resultaron ganadores del Primer premio de M\u00fasica acad\u00e9mica en la edici\u00f3n 2025 de FAUNA: Emanuel Juli\u00e1, Maia Wierzbisky, Fabi\u00e1n Pipolo, Sof\u00eda Carolina Romero, Florencia Ybarra y Bel\u00e9n Zapata.<\/p>\n","protected":false},"excerpt":{"rendered":"<p>El Ensamble fue creado en 2011 por la Lic. Mariana Rosas con el prop\u00f3sito de generar un espacio de experimentaci\u00f3n y divulgaci\u00f3n de m\u00fasica vocal contempor\u00e1nea, especialmente argentina, trabajando como ensamble art\u00edstico y grupo residente de las c\u00e1tedras de composici\u00f3n del Departamento, planteando la posibilidad de un trabajo conjunto entre compositores e int\u00e9rpretes. El Ensamble [&hellip;]<\/p>\n","protected":false},"author":1,"featured_media":1431,"comment_status":"open","ping_status":"open","sticky":false,"template":"","format":"standard","meta":[],"categories":[16],"tags":[],"fimg_url":"http:\/\/agustinacrespo.com\/esp\/wp-content\/uploads\/2025\/12\/8b787376-f6e3-420b-9024-0bf2d7cdaa25.jpg","_links":{"self":[{"href":"http:\/\/agustinacrespo.com\/esp\/wp-json\/wp\/v2\/posts\/1428"}],"collection":[{"href":"http:\/\/agustinacrespo.com\/esp\/wp-json\/wp\/v2\/posts"}],"about":[{"href":"http:\/\/agustinacrespo.com\/esp\/wp-json\/wp\/v2\/types\/post"}],"author":[{"embeddable":true,"href":"http:\/\/agustinacrespo.com\/esp\/wp-json\/wp\/v2\/users\/1"}],"replies":[{"embeddable":true,"href":"http:\/\/agustinacrespo.com\/esp\/wp-json\/wp\/v2\/comments?post=1428"}],"version-history":[{"count":2,"href":"http:\/\/agustinacrespo.com\/esp\/wp-json\/wp\/v2\/posts\/1428\/revisions"}],"predecessor-version":[{"id":1433,"href":"http:\/\/agustinacrespo.com\/esp\/wp-json\/wp\/v2\/posts\/1428\/revisions\/1433"}],"wp:featuredmedia":[{"embeddable":true,"href":"http:\/\/agustinacrespo.com\/esp\/wp-json\/wp\/v2\/media\/1431"}],"wp:attachment":[{"href":"http:\/\/agustinacrespo.com\/esp\/wp-json\/wp\/v2\/media?parent=1428"}],"wp:term":[{"taxonomy":"category","embeddable":true,"href":"http:\/\/agustinacrespo.com\/esp\/wp-json\/wp\/v2\/categories?post=1428"},{"taxonomy":"post_tag","embeddable":true,"href":"http:\/\/agustinacrespo.com\/esp\/wp-json\/wp\/v2\/tags?post=1428"}],"curies":[{"name":"wp","href":"https:\/\/api.w.org\/{rel}","templated":true}]}}